{"id":2878,"date":"2018-10-29T00:00:00","date_gmt":"2018-10-28T23:00:00","guid":{"rendered":"https:\/\/saludcreativa.com\/gestio-conduccio-dinamitzacio-de-grups\/"},"modified":"2018-10-29T00:00:00","modified_gmt":"2018-10-28T23:00:00","slug":"gestio-conduccio-dinamitzacio-de-grups","status":"publish","type":"post","link":"https:\/\/saludcreativa.com\/ca\/gestio-conduccio-dinamitzacio-de-grups\/","title":{"rendered":"Gesti\u00f3, Conducci\u00f3, Dinamitzaci\u00f3 de grups"},"content":{"rendered":"<h2><strong>Eines per dinamitzar grups<\/strong><\/h2>\n<p>En aquest v\u00eddeo, Josema Torres tracta de forma extensa i expl\u00edcita els components del joc i de la din\u00e0mica de grup, aix\u00ed com exposa els recursos i les actituds essencials a l&#8217;hora de posar-se al capdavant d&#8217;un grup per gestionar-lo, conduir-lo i dinamitzar-lo.<\/p>\n<p>Josema Torres transmet amb el seu exemple i experi\u00e8ncia de m\u00e9s de 14 anys consecutius al llarg dels quals ha aplicat aquests coneixements i aquesta metodologia, tant en formacions adre\u00e7ades a persones futures professionals en la mat\u00e8ria, com en cursos d&#8217;habilitats personals, socials i directives dirigits a empreses i organitzacions de diversos sectors i grups de perfils molt diferents.<\/p>\n<p>L&#8217;equip de SALUD CREATIVA desitgem que aquesta exposici\u00f3 resulti \u00fatil com a recordatori a les alumnes i els alumnes que han passat per la nostra escola, alhora que faci reflexionar i inspiri dinamitzadors de grups d&#8217;altres l\u00ednies i persones que s&#8217;estan plantejant formar-se en aquesta \u00e0rea.<\/p>\n<p><iframe title=\"Gesti\u00f3n Conducci\u00f3n Dinamizaci\u00f3n de grupos\" width=\"800\" height=\"450\" src=\"https:\/\/www.youtube.com\/embed\/h-CfqI-K-l4?feature=oembed\" frameborder=\"0\" allow=\"accelerometer; autoplay; clipboard-write; encrypted-media; gyroscope; picture-in-picture; web-share\" referrerpolicy=\"strict-origin-when-cross-origin\" allowfullscreen><\/iframe><\/p>\n<p>&nbsp;<\/p>\n<p>&nbsp;<\/p>\n","protected":false},"excerpt":{"rendered":"<p>V\u00eddeo sobre Gesti\u00f3, Conducci\u00f3, Dinamitzaci\u00f3 de grups, amb aplicaci\u00f3 de metodologia l\u00fadica i vivencial, per Josema Torres amb m\u00e9s de 20 anys d\u2019experi\u00e8ncia en la mat\u00e8ria.<\/p>\n","protected":false},"author":1,"featured_media":0,"comment_status":"open","ping_status":"open","sticky":false,"template":"","format":"standard","meta":{"footnotes":""},"categories":[332],"tags":[443,440,414,429,439],"class_list":["post-2878","post","type-post","status-publish","format-standard","hentry","category-dinamitzacio-de-grups","tag-conduccio-de-grups","tag-dinamica-de-grup","tag-dinamitzacio-de-grups","tag-gestio-de-grups","tag-joc"],"yoast_head":"<!-- This site is optimized with the Yoast SEO plugin v27.3 - https:\/\/yoast.com\/product\/yoast-seo-wordpress\/ -->\n<title>Gesti\u00f3, Conducci\u00f3, Dinamitzaci\u00f3 de grups - Salud Creativa<\/title>\n<meta name=\"description\" content=\"V\u00eddeo sobre Gesti\u00f3, Conducci\u00f3, Dinamitzaci\u00f3 de grups, amb aplicaci\u00f3 de metodologia l\u00fadica i vivencial, per Josema Torres amb m\u00e9s de 20 anys d\u2019experi\u00e8ncia en la mat\u00e8ria.\" \/>\n<meta name=\"robots\" content=\"index, follow, max-snippet:-1, max-image-preview:large, max-video-preview:-1\" \/>\n<link rel=\"canonical\" href=\"https:\/\/saludcreativa.com\/ca\/gestio-conduccio-dinamitzacio-de-grups\/\" \/>\n<meta property=\"og:locale\" content=\"ca_ES\" \/>\n<meta property=\"og:type\" content=\"article\" \/>\n<meta property=\"og:title\" content=\"Gesti\u00f3, Conducci\u00f3, Dinamitzaci\u00f3 de grups - Salud Creativa\" \/>\n<meta property=\"og:description\" content=\"V\u00eddeo sobre Gesti\u00f3, Conducci\u00f3, Dinamitzaci\u00f3 de grups, amb aplicaci\u00f3 de metodologia l\u00fadica i vivencial, per Josema Torres amb m\u00e9s de 20 anys d\u2019experi\u00e8ncia en la mat\u00e8ria.\" \/>\n<meta property=\"og:url\" content=\"https:\/\/saludcreativa.com\/ca\/gestio-conduccio-dinamitzacio-de-grups\/\" \/>\n<meta property=\"og:site_name\" content=\"Salud Creativa\" \/>\n<meta property=\"article:published_time\" content=\"2018-10-28T23:00:00+00:00\" \/>\n<meta property=\"og:image\" content=\"https:\/\/saludcreativa.com\/wp-content\/uploads\/2025\/06\/Salud-Creativa-Centro-Meditacion-Mindfulness-Gestalt-Risoterapia-Integrativa-en-Barcelona.jpg\" \/>\n\t<meta property=\"og:image:width\" content=\"2439\" \/>\n\t<meta property=\"og:image:height\" content=\"439\" \/>\n\t<meta property=\"og:image:type\" content=\"image\/jpeg\" \/>\n<meta name=\"author\" content=\"elevenwebs\" \/>\n<meta name=\"twitter:card\" content=\"summary_large_image\" \/>\n<meta name=\"twitter:label1\" content=\"Escrit per\" \/>\n\t<meta name=\"twitter:data1\" content=\"elevenwebs\" \/>\n\t<meta name=\"twitter:label2\" content=\"Temps estimat de lectura\" \/>\n\t<meta name=\"twitter:data2\" content=\"1 minut\" \/>\n<script type=\"application\/ld+json\" class=\"yoast-schema-graph\">{\"@context\":\"https:\\\/\\\/schema.org\",\"@graph\":[{\"@type\":\"Article\",\"@id\":\"https:\\\/\\\/saludcreativa.com\\\/ca\\\/gestio-conduccio-dinamitzacio-de-grups\\\/#article\",\"isPartOf\":{\"@id\":\"https:\\\/\\\/saludcreativa.com\\\/ca\\\/gestio-conduccio-dinamitzacio-de-grups\\\/\"},\"author\":{\"name\":\"elevenwebs\",\"@id\":\"https:\\\/\\\/saludcreativa.com\\\/ca\\\/#\\\/schema\\\/person\\\/43e503cc7917c97ec46017b3b1f87606\"},\"headline\":\"Gesti\u00f3, Conducci\u00f3, Dinamitzaci\u00f3 de grups\",\"datePublished\":\"2018-10-28T23:00:00+00:00\",\"mainEntityOfPage\":{\"@id\":\"https:\\\/\\\/saludcreativa.com\\\/ca\\\/gestio-conduccio-dinamitzacio-de-grups\\\/\"},\"wordCount\":176,\"commentCount\":0,\"publisher\":{\"@id\":\"https:\\\/\\\/saludcreativa.com\\\/ca\\\/#organization\"},\"keywords\":[\"conducci\u00f3 de grups\",\"din\u00e0mica de grup\",\"dinamitzaci\u00f3 de grups\",\"gesti\u00f3 de grups\",\"joc\"],\"articleSection\":[\"Dinamitzaci\u00f3 de grups\"],\"inLanguage\":\"ca\",\"potentialAction\":[{\"@type\":\"CommentAction\",\"name\":\"Comment\",\"target\":[\"https:\\\/\\\/saludcreativa.com\\\/ca\\\/gestio-conduccio-dinamitzacio-de-grups\\\/#respond\"]}]},{\"@type\":\"WebPage\",\"@id\":\"https:\\\/\\\/saludcreativa.com\\\/ca\\\/gestio-conduccio-dinamitzacio-de-grups\\\/\",\"url\":\"https:\\\/\\\/saludcreativa.com\\\/ca\\\/gestio-conduccio-dinamitzacio-de-grups\\\/\",\"name\":\"Gesti\u00f3, Conducci\u00f3, Dinamitzaci\u00f3 de grups - Salud Creativa\",\"isPartOf\":{\"@id\":\"https:\\\/\\\/saludcreativa.com\\\/ca\\\/#website\"},\"datePublished\":\"2018-10-28T23:00:00+00:00\",\"description\":\"V\u00eddeo sobre Gesti\u00f3, Conducci\u00f3, Dinamitzaci\u00f3 de grups, amb aplicaci\u00f3 de metodologia l\u00fadica i vivencial, per Josema Torres amb m\u00e9s de 20 anys d\u2019experi\u00e8ncia en la mat\u00e8ria.\",\"breadcrumb\":{\"@id\":\"https:\\\/\\\/saludcreativa.com\\\/ca\\\/gestio-conduccio-dinamitzacio-de-grups\\\/#breadcrumb\"},\"inLanguage\":\"ca\",\"potentialAction\":[{\"@type\":\"ReadAction\",\"target\":[\"https:\\\/\\\/saludcreativa.com\\\/ca\\\/gestio-conduccio-dinamitzacio-de-grups\\\/\"]}]},{\"@type\":\"BreadcrumbList\",\"@id\":\"https:\\\/\\\/saludcreativa.com\\\/ca\\\/gestio-conduccio-dinamitzacio-de-grups\\\/#breadcrumb\",\"itemListElement\":[{\"@type\":\"ListItem\",\"position\":1,\"name\":\"Portada\",\"item\":\"https:\\\/\\\/saludcreativa.com\\\/ca\\\/inici\\\/\"},{\"@type\":\"ListItem\",\"position\":2,\"name\":\"Gesti\u00f3, Conducci\u00f3, Dinamitzaci\u00f3 de grups\"}]},{\"@type\":\"WebSite\",\"@id\":\"https:\\\/\\\/saludcreativa.com\\\/ca\\\/#website\",\"url\":\"https:\\\/\\\/saludcreativa.com\\\/ca\\\/\",\"name\":\"Salud Creativa\",\"description\":\"Centro de meditaci\u00f3n, bienestar interior y habilidades personales y sociales\",\"publisher\":{\"@id\":\"https:\\\/\\\/saludcreativa.com\\\/ca\\\/#organization\"},\"potentialAction\":[{\"@type\":\"SearchAction\",\"target\":{\"@type\":\"EntryPoint\",\"urlTemplate\":\"https:\\\/\\\/saludcreativa.com\\\/ca\\\/?s={search_term_string}\"},\"query-input\":{\"@type\":\"PropertyValueSpecification\",\"valueRequired\":true,\"valueName\":\"search_term_string\"}}],\"inLanguage\":\"ca\"},{\"@type\":\"Organization\",\"@id\":\"https:\\\/\\\/saludcreativa.com\\\/ca\\\/#organization\",\"name\":\"Salud Creativa\",\"url\":\"https:\\\/\\\/saludcreativa.com\\\/ca\\\/\",\"logo\":{\"@type\":\"ImageObject\",\"inLanguage\":\"ca\",\"@id\":\"https:\\\/\\\/saludcreativa.com\\\/ca\\\/#\\\/schema\\\/logo\\\/image\\\/\",\"url\":\"https:\\\/\\\/saludcreativa.com\\\/wp-content\\\/uploads\\\/2025\\\/06\\\/Salud-Creativa-Centro-Meditacion-Mindfulness-Gestalt-Risoterapia-Integrativa-en-Barcelona.jpg\",\"contentUrl\":\"https:\\\/\\\/saludcreativa.com\\\/wp-content\\\/uploads\\\/2025\\\/06\\\/Salud-Creativa-Centro-Meditacion-Mindfulness-Gestalt-Risoterapia-Integrativa-en-Barcelona.jpg\",\"width\":2439,\"height\":439,\"caption\":\"Salud Creativa\"},\"image\":{\"@id\":\"https:\\\/\\\/saludcreativa.com\\\/ca\\\/#\\\/schema\\\/logo\\\/image\\\/\"}},{\"@type\":\"Person\",\"@id\":\"https:\\\/\\\/saludcreativa.com\\\/ca\\\/#\\\/schema\\\/person\\\/43e503cc7917c97ec46017b3b1f87606\",\"name\":\"elevenwebs\",\"image\":{\"@type\":\"ImageObject\",\"inLanguage\":\"ca\",\"@id\":\"https:\\\/\\\/secure.gravatar.com\\\/avatar\\\/eb62249cc102d17f7c98fef495611ff49038b9be891928ef801d1b5f5ad76198?s=96&d=mm&r=g\",\"url\":\"https:\\\/\\\/secure.gravatar.com\\\/avatar\\\/eb62249cc102d17f7c98fef495611ff49038b9be891928ef801d1b5f5ad76198?s=96&d=mm&r=g\",\"contentUrl\":\"https:\\\/\\\/secure.gravatar.com\\\/avatar\\\/eb62249cc102d17f7c98fef495611ff49038b9be891928ef801d1b5f5ad76198?s=96&d=mm&r=g\",\"caption\":\"elevenwebs\"},\"sameAs\":[\"https:\\\/\\\/saludcreativa.com\"]}]}<\/script>\n<!-- \/ Yoast SEO plugin. -->","yoast_head_json":{"title":"Gesti\u00f3, Conducci\u00f3, Dinamitzaci\u00f3 de grups - Salud Creativa","description":"V\u00eddeo sobre Gesti\u00f3, Conducci\u00f3, Dinamitzaci\u00f3 de grups, amb aplicaci\u00f3 de metodologia l\u00fadica i vivencial, per Josema Torres amb m\u00e9s de 20 anys d\u2019experi\u00e8ncia en la mat\u00e8ria.","robots":{"index":"index","follow":"follow","max-snippet":"max-snippet:-1","max-image-preview":"max-image-preview:large","max-video-preview":"max-video-preview:-1"},"canonical":"https:\/\/saludcreativa.com\/ca\/gestio-conduccio-dinamitzacio-de-grups\/","og_locale":"ca_ES","og_type":"article","og_title":"Gesti\u00f3, Conducci\u00f3, Dinamitzaci\u00f3 de grups - Salud Creativa","og_description":"V\u00eddeo sobre Gesti\u00f3, Conducci\u00f3, Dinamitzaci\u00f3 de grups, amb aplicaci\u00f3 de metodologia l\u00fadica i vivencial, per Josema Torres amb m\u00e9s de 20 anys d\u2019experi\u00e8ncia en la mat\u00e8ria.","og_url":"https:\/\/saludcreativa.com\/ca\/gestio-conduccio-dinamitzacio-de-grups\/","og_site_name":"Salud Creativa","article_published_time":"2018-10-28T23:00:00+00:00","og_image":[{"width":2439,"height":439,"url":"https:\/\/saludcreativa.com\/wp-content\/uploads\/2025\/06\/Salud-Creativa-Centro-Meditacion-Mindfulness-Gestalt-Risoterapia-Integrativa-en-Barcelona.jpg","type":"image\/jpeg"}],"author":"elevenwebs","twitter_card":"summary_large_image","twitter_misc":{"Escrit per":"elevenwebs","Temps estimat de lectura":"1 minut"},"schema":{"@context":"https:\/\/schema.org","@graph":[{"@type":"Article","@id":"https:\/\/saludcreativa.com\/ca\/gestio-conduccio-dinamitzacio-de-grups\/#article","isPartOf":{"@id":"https:\/\/saludcreativa.com\/ca\/gestio-conduccio-dinamitzacio-de-grups\/"},"author":{"name":"elevenwebs","@id":"https:\/\/saludcreativa.com\/ca\/#\/schema\/person\/43e503cc7917c97ec46017b3b1f87606"},"headline":"Gesti\u00f3, Conducci\u00f3, Dinamitzaci\u00f3 de grups","datePublished":"2018-10-28T23:00:00+00:00","mainEntityOfPage":{"@id":"https:\/\/saludcreativa.com\/ca\/gestio-conduccio-dinamitzacio-de-grups\/"},"wordCount":176,"commentCount":0,"publisher":{"@id":"https:\/\/saludcreativa.com\/ca\/#organization"},"keywords":["conducci\u00f3 de grups","din\u00e0mica de grup","dinamitzaci\u00f3 de grups","gesti\u00f3 de grups","joc"],"articleSection":["Dinamitzaci\u00f3 de grups"],"inLanguage":"ca","potentialAction":[{"@type":"CommentAction","name":"Comment","target":["https:\/\/saludcreativa.com\/ca\/gestio-conduccio-dinamitzacio-de-grups\/#respond"]}]},{"@type":"WebPage","@id":"https:\/\/saludcreativa.com\/ca\/gestio-conduccio-dinamitzacio-de-grups\/","url":"https:\/\/saludcreativa.com\/ca\/gestio-conduccio-dinamitzacio-de-grups\/","name":"Gesti\u00f3, Conducci\u00f3, Dinamitzaci\u00f3 de grups - Salud Creativa","isPartOf":{"@id":"https:\/\/saludcreativa.com\/ca\/#website"},"datePublished":"2018-10-28T23:00:00+00:00","description":"V\u00eddeo sobre Gesti\u00f3, Conducci\u00f3, Dinamitzaci\u00f3 de grups, amb aplicaci\u00f3 de metodologia l\u00fadica i vivencial, per Josema Torres amb m\u00e9s de 20 anys d\u2019experi\u00e8ncia en la mat\u00e8ria.","breadcrumb":{"@id":"https:\/\/saludcreativa.com\/ca\/gestio-conduccio-dinamitzacio-de-grups\/#breadcrumb"},"inLanguage":"ca","potentialAction":[{"@type":"ReadAction","target":["https:\/\/saludcreativa.com\/ca\/gestio-conduccio-dinamitzacio-de-grups\/"]}]},{"@type":"BreadcrumbList","@id":"https:\/\/saludcreativa.com\/ca\/gestio-conduccio-dinamitzacio-de-grups\/#breadcrumb","itemListElement":[{"@type":"ListItem","position":1,"name":"Portada","item":"https:\/\/saludcreativa.com\/ca\/inici\/"},{"@type":"ListItem","position":2,"name":"Gesti\u00f3, Conducci\u00f3, Dinamitzaci\u00f3 de grups"}]},{"@type":"WebSite","@id":"https:\/\/saludcreativa.com\/ca\/#website","url":"https:\/\/saludcreativa.com\/ca\/","name":"Salud Creativa","description":"Centro de meditaci\u00f3n, bienestar interior y habilidades personales y sociales","publisher":{"@id":"https:\/\/saludcreativa.com\/ca\/#organization"},"potentialAction":[{"@type":"SearchAction","target":{"@type":"EntryPoint","urlTemplate":"https:\/\/saludcreativa.com\/ca\/?s={search_term_string}"},"query-input":{"@type":"PropertyValueSpecification","valueRequired":true,"valueName":"search_term_string"}}],"inLanguage":"ca"},{"@type":"Organization","@id":"https:\/\/saludcreativa.com\/ca\/#organization","name":"Salud Creativa","url":"https:\/\/saludcreativa.com\/ca\/","logo":{"@type":"ImageObject","inLanguage":"ca","@id":"https:\/\/saludcreativa.com\/ca\/#\/schema\/logo\/image\/","url":"https:\/\/saludcreativa.com\/wp-content\/uploads\/2025\/06\/Salud-Creativa-Centro-Meditacion-Mindfulness-Gestalt-Risoterapia-Integrativa-en-Barcelona.jpg","contentUrl":"https:\/\/saludcreativa.com\/wp-content\/uploads\/2025\/06\/Salud-Creativa-Centro-Meditacion-Mindfulness-Gestalt-Risoterapia-Integrativa-en-Barcelona.jpg","width":2439,"height":439,"caption":"Salud Creativa"},"image":{"@id":"https:\/\/saludcreativa.com\/ca\/#\/schema\/logo\/image\/"}},{"@type":"Person","@id":"https:\/\/saludcreativa.com\/ca\/#\/schema\/person\/43e503cc7917c97ec46017b3b1f87606","name":"elevenwebs","image":{"@type":"ImageObject","inLanguage":"ca","@id":"https:\/\/secure.gravatar.com\/avatar\/eb62249cc102d17f7c98fef495611ff49038b9be891928ef801d1b5f5ad76198?s=96&d=mm&r=g","url":"https:\/\/secure.gravatar.com\/avatar\/eb62249cc102d17f7c98fef495611ff49038b9be891928ef801d1b5f5ad76198?s=96&d=mm&r=g","contentUrl":"https:\/\/secure.gravatar.com\/avatar\/eb62249cc102d17f7c98fef495611ff49038b9be891928ef801d1b5f5ad76198?s=96&d=mm&r=g","caption":"elevenwebs"},"sameAs":["https:\/\/saludcreativa.com"]}]}},"_links":{"self":[{"href":"https:\/\/saludcreativa.com\/ca\/wp-json\/wp\/v2\/posts\/2878","targetHints":{"allow":["GET"]}}],"collection":[{"href":"https:\/\/saludcreativa.com\/ca\/wp-json\/wp\/v2\/posts"}],"about":[{"href":"https:\/\/saludcreativa.com\/ca\/wp-json\/wp\/v2\/types\/post"}],"author":[{"embeddable":true,"href":"https:\/\/saludcreativa.com\/ca\/wp-json\/wp\/v2\/users\/1"}],"replies":[{"embeddable":true,"href":"https:\/\/saludcreativa.com\/ca\/wp-json\/wp\/v2\/comments?post=2878"}],"version-history":[{"count":0,"href":"https:\/\/saludcreativa.com\/ca\/wp-json\/wp\/v2\/posts\/2878\/revisions"}],"wp:attachment":[{"href":"https:\/\/saludcreativa.com\/ca\/wp-json\/wp\/v2\/media?parent=2878"}],"wp:term":[{"taxonomy":"category","embeddable":true,"href":"https:\/\/saludcreativa.com\/ca\/wp-json\/wp\/v2\/categories?post=2878"},{"taxonomy":"post_tag","embeddable":true,"href":"https:\/\/saludcreativa.com\/ca\/wp-json\/wp\/v2\/tags?post=2878"}],"curies":[{"name":"wp","href":"https:\/\/api.w.org\/{rel}","templated":true}]}}