{"id":3400,"date":"2019-01-08T00:00:00","date_gmt":"2019-01-07T23:00:00","guid":{"rendered":"https:\/\/saludcreativa.com\/el-binomi-miserable-deu\/"},"modified":"2019-01-08T00:00:00","modified_gmt":"2019-01-07T23:00:00","slug":"el-binomi-miserable-deu","status":"publish","type":"post","link":"https:\/\/saludcreativa.com\/ca\/el-binomi-miserable-deu\/","title":{"rendered":"El binomi miserable-d\u00e9u"},"content":{"rendered":"<h2><strong>Seguir\u00e9 sent humana encara que estigui il\u00b7luminada!<\/strong><\/h2>\n<p>Sembla que hi ha una idea generalitzada que les persones o som miserables, mediocres, humanes, o som d\u00e9us. Com si una cosa no fos viable amb l&#8217;altra, o ets un \u00e9sser corrent o ets un \u00e9sser il\u00b7luminat. <\/p>\n<p>Per molt de temps he considerat aquesta creen\u00e7a veritable. Pel que fa als meus terapeutes, els veia incongruents quan a l&#8217;aula o en sessi\u00f3 privada treballaven sobre el desenvolupament de recursos i en la quotidianitat mostraven defectes. <\/p>\n<p>Em passava per exemple amb una persona constel\u00b7ladora (per a qui no s\u00e0piga sobre el tema, \u00e9s un enfocament orientat a l&#8217;amor en el seu sublim sentit) que en les pauses sortia al carrer a fumar, la qual cosa em grinyolava perqu\u00e8 no ho veia com un acte amor\u00f3s precisament.<\/p>\n<p>Amb el temps tamb\u00e9 he sabut -per mitj\u00e0 de xafarderies que corren entre terapeutes- d&#8217;assumptes de sexe d&#8217;alguns professionals i altres neures (obsessions) de varis d\u2019ells. Aquestes coses, quan vaig comen\u00e7ar a formar-me i fer el meu propi proc\u00e9s personal, em xocaven! <\/p>\n<p>Despr\u00e9s, amb el temps, he ent\u00e8s que els \u00e9ssers humans som \u00e9ssers humans per sempre, des que naixem fins que morim. Fins i tot els anomenats mestres espirituals dels qui tamb\u00e9 he conegut xafarderies. <\/p>\n<p>&nbsp;<\/p>\n<h2><strong>Eps! No val tot per molt terapeuta\/mestre que sigui alg\u00fa <\/strong><\/h2>\n<p>Aix\u00f2 no vol dir, per a mi, que tot s&#8217;hi val i que la persona terapeuta\/mestra pot fer qualsevol cosa i queda justificada, no! Aix\u00f2 seria ingenu\u00eftat, indulg\u00e8ncia, irresponsabilitat, o coses aix\u00ed. <\/p>\n<p>Ser hum\u00e0 i estar currat (com es diu popularment de les persones que fan cam\u00ed interior) no s\u00f3n dues coses diferents que s&#8217;anteposen l&#8217;una a l&#8217;altra, s\u00f3n \u00e0rees diferents que ens configuren als individus.<\/p>\n<p>\u00c9s com tenir tot el ventall de colors, totes les possibilitats, totes les opcions, totes les habitacions disponibles (quanta llibertat, \u00e9s la sensaci\u00f3 que tinc en llegir aquest par\u00e0graf!), i amb aquest treball interior que cadasc\u00fa hagi fet, amb el nivell de consci\u00e8ncia que cadasc\u00fa hagi aconseguit, adonar-se&#8217;n quan est\u00e0 en una de les possibilitats que no li interessa.<\/p>\n<p>A mi no em val \u00abSoc aix\u00ed i t&#8217;aguantes\u00bb. Em val con\u00e8ixer els meus l\u00edmits, les meves capacitats, els meus dons, les meves dificultats. <\/p>\n<p>Em val saber el m\u00e0xim possible sobre mi per no sorprendre&#8217;m quan s&#8217;engega qualsevol programa, patr\u00f3, judici, ignor\u00e0ncia, per no maquillar-lo i que sembli una altra cosa, per no fer veure que ho tinc tot controlat perqu\u00e8 soc terapeuta, per triar tornar a l&#8217;equilibri, al meu centre, reconeixent la meva terrenitat.<\/p>\n<p>&nbsp;<\/p>\n<h2><strong>Consci\u00e8ncia i Consci\u00e8ncia<\/strong><\/h2>\n<p>\u00c9s a dir, avui dia, crec que totes les nostres opcions com a persones humanes no desapareixen per molt que ens acostem o estiguem en el m\u00f3n de les deesses i els d\u00e9us. Tot el que hi ha \u00e9s Consci\u00e8ncia de quan entro en espai de coneixement, inspiraci\u00f3 i saviesa, en zones velles, en mode bucle, en \u201ccoses\u201d rares, en \u201ccoses\u201d confuses\u2026 <\/p>\n<p>Per\u00f2 ni tinc tot resolt ni estic completament desconnectada d&#8217;all\u00f2\u201cdiv\u00ed\u201d, \u201csuperior\u201d.<\/p>\n<p>Per aix\u00f2, segueixo enfadant-me, posant-me nerviosa, perdent-me\u2026 la difer\u00e8ncia la posa la Consci\u00e8ncia i la Voluntat de no seguir alimentant aquests circuits. A aix\u00f2 li anomeno jo gesti\u00f3! <\/p>\n<p><strong>All\u00f2 hum\u00e0 no em treu gens d&#8217;all\u00f2 div\u00ed, all\u00f2 div\u00ed no em treu gens d&#8217;all\u00f2 hum\u00e0.<\/strong><\/p>\n<p>&nbsp;<\/p>\n<p>M\u00aa Rosa Par\u00e9s Giralt<\/p>\n","protected":false},"excerpt":{"rendered":"<p>&#8220;All\u00f2 hum\u00e0 no em treu gens d&#8217;all\u00f2 div\u00ed, all\u00f2 div\u00ed no em treu gens d&#8217;all\u00f2 hum\u00e0.&#8221; Una realitat a no perdre de vista, especialment quan idealitzem mestres, terapeutes i altres persones que considerem irreprotxables. <\/p>\n","protected":false},"author":1,"featured_media":1087,"comment_status":"open","ping_status":"open","sticky":false,"template":"","format":"standard","meta":{"footnotes":""},"categories":[315],"tags":[324,503,506,551,552],"class_list":["post-3400","post","type-post","status-publish","format-standard","has-post-thumbnail","hentry","category-inspira-consciencia-ca","tag-auto-coneixement","tag-consciencia-ca-2","tag-introspeccio","tag-polaritat","tag-polaritats"],"yoast_head":"<!-- This site is optimized with the Yoast SEO plugin v27.3 - https:\/\/yoast.com\/product\/yoast-seo-wordpress\/ -->\n<title>El binomi miserable-d\u00e9u - Salud Creativa<\/title>\n<meta name=\"description\" content=\"&quot;All\u00f2 hum\u00e0 no em treu gens d&#039;all\u00f2 div\u00ed, all\u00f2 div\u00ed no em treu gens d&#039;all\u00f2 hum\u00e0.&quot; Una realitat a no perdre de vista, especialment quan idealitzem mestres, terapeutes i altres persones que considerem irreprotxables.\" \/>\n<meta name=\"robots\" content=\"index, follow, max-snippet:-1, max-image-preview:large, max-video-preview:-1\" \/>\n<link rel=\"canonical\" href=\"https:\/\/saludcreativa.com\/ca\/el-binomi-miserable-deu\/\" \/>\n<meta property=\"og:locale\" content=\"ca_ES\" \/>\n<meta property=\"og:type\" content=\"article\" \/>\n<meta property=\"og:title\" content=\"El binomi miserable-d\u00e9u - Salud Creativa\" \/>\n<meta property=\"og:description\" content=\"&quot;All\u00f2 hum\u00e0 no em treu gens d&#039;all\u00f2 div\u00ed, all\u00f2 div\u00ed no em treu gens d&#039;all\u00f2 hum\u00e0.&quot; Una realitat a no perdre de vista, especialment quan idealitzem mestres, terapeutes i altres persones que considerem irreprotxables.\" \/>\n<meta property=\"og:url\" content=\"https:\/\/saludcreativa.com\/ca\/el-binomi-miserable-deu\/\" \/>\n<meta property=\"og:site_name\" content=\"Salud Creativa\" \/>\n<meta property=\"article:published_time\" content=\"2019-01-07T23:00:00+00:00\" \/>\n<meta property=\"og:image\" content=\"https:\/\/saludcreativa.com\/wp-content\/uploads\/2025\/06\/El-binomio-miserable-dios.jpg\" \/>\n\t<meta property=\"og:image:width\" content=\"640\" \/>\n\t<meta property=\"og:image:height\" content=\"434\" \/>\n\t<meta property=\"og:image:type\" content=\"image\/jpeg\" \/>\n<meta name=\"author\" content=\"elevenwebs\" \/>\n<meta name=\"twitter:card\" content=\"summary_large_image\" \/>\n<meta name=\"twitter:label1\" content=\"Escrit per\" \/>\n\t<meta name=\"twitter:data1\" content=\"elevenwebs\" \/>\n\t<meta name=\"twitter:label2\" content=\"Temps estimat de lectura\" \/>\n\t<meta name=\"twitter:data2\" content=\"3 minuts\" \/>\n<script type=\"application\/ld+json\" class=\"yoast-schema-graph\">{\"@context\":\"https:\\\/\\\/schema.org\",\"@graph\":[{\"@type\":\"Article\",\"@id\":\"https:\\\/\\\/saludcreativa.com\\\/ca\\\/el-binomi-miserable-deu\\\/#article\",\"isPartOf\":{\"@id\":\"https:\\\/\\\/saludcreativa.com\\\/ca\\\/el-binomi-miserable-deu\\\/\"},\"author\":{\"name\":\"elevenwebs\",\"@id\":\"https:\\\/\\\/saludcreativa.com\\\/ca\\\/#\\\/schema\\\/person\\\/43e503cc7917c97ec46017b3b1f87606\"},\"headline\":\"El binomi miserable-d\u00e9u\",\"datePublished\":\"2019-01-07T23:00:00+00:00\",\"mainEntityOfPage\":{\"@id\":\"https:\\\/\\\/saludcreativa.com\\\/ca\\\/el-binomi-miserable-deu\\\/\"},\"wordCount\":598,\"commentCount\":0,\"publisher\":{\"@id\":\"https:\\\/\\\/saludcreativa.com\\\/ca\\\/#organization\"},\"image\":{\"@id\":\"https:\\\/\\\/saludcreativa.com\\\/ca\\\/el-binomi-miserable-deu\\\/#primaryimage\"},\"thumbnailUrl\":\"https:\\\/\\\/saludcreativa.com\\\/wp-content\\\/uploads\\\/2025\\\/06\\\/El-binomio-miserable-dios.jpg\",\"keywords\":[\"auto-coneixement\",\"consci\u00e8ncia\",\"introspecci\u00f3\",\"polaritat\",\"polaritats\"],\"articleSection\":[\"Inspira Consci\u00e8ncia\"],\"inLanguage\":\"ca\",\"potentialAction\":[{\"@type\":\"CommentAction\",\"name\":\"Comment\",\"target\":[\"https:\\\/\\\/saludcreativa.com\\\/ca\\\/el-binomi-miserable-deu\\\/#respond\"]}]},{\"@type\":\"WebPage\",\"@id\":\"https:\\\/\\\/saludcreativa.com\\\/ca\\\/el-binomi-miserable-deu\\\/\",\"url\":\"https:\\\/\\\/saludcreativa.com\\\/ca\\\/el-binomi-miserable-deu\\\/\",\"name\":\"El binomi miserable-d\u00e9u - Salud Creativa\",\"isPartOf\":{\"@id\":\"https:\\\/\\\/saludcreativa.com\\\/ca\\\/#website\"},\"primaryImageOfPage\":{\"@id\":\"https:\\\/\\\/saludcreativa.com\\\/ca\\\/el-binomi-miserable-deu\\\/#primaryimage\"},\"image\":{\"@id\":\"https:\\\/\\\/saludcreativa.com\\\/ca\\\/el-binomi-miserable-deu\\\/#primaryimage\"},\"thumbnailUrl\":\"https:\\\/\\\/saludcreativa.com\\\/wp-content\\\/uploads\\\/2025\\\/06\\\/El-binomio-miserable-dios.jpg\",\"datePublished\":\"2019-01-07T23:00:00+00:00\",\"description\":\"\\\"All\u00f2 hum\u00e0 no em treu gens d'all\u00f2 div\u00ed, all\u00f2 div\u00ed no em treu gens d'all\u00f2 hum\u00e0.\\\" Una realitat a no perdre de vista, especialment quan idealitzem mestres, terapeutes i altres persones que considerem irreprotxables.\",\"breadcrumb\":{\"@id\":\"https:\\\/\\\/saludcreativa.com\\\/ca\\\/el-binomi-miserable-deu\\\/#breadcrumb\"},\"inLanguage\":\"ca\",\"potentialAction\":[{\"@type\":\"ReadAction\",\"target\":[\"https:\\\/\\\/saludcreativa.com\\\/ca\\\/el-binomi-miserable-deu\\\/\"]}]},{\"@type\":\"ImageObject\",\"inLanguage\":\"ca\",\"@id\":\"https:\\\/\\\/saludcreativa.com\\\/ca\\\/el-binomi-miserable-deu\\\/#primaryimage\",\"url\":\"https:\\\/\\\/saludcreativa.com\\\/wp-content\\\/uploads\\\/2025\\\/06\\\/El-binomio-miserable-dios.jpg\",\"contentUrl\":\"https:\\\/\\\/saludcreativa.com\\\/wp-content\\\/uploads\\\/2025\\\/06\\\/El-binomio-miserable-dios.jpg\",\"width\":640,\"height\":434},{\"@type\":\"BreadcrumbList\",\"@id\":\"https:\\\/\\\/saludcreativa.com\\\/ca\\\/el-binomi-miserable-deu\\\/#breadcrumb\",\"itemListElement\":[{\"@type\":\"ListItem\",\"position\":1,\"name\":\"Portada\",\"item\":\"https:\\\/\\\/saludcreativa.com\\\/ca\\\/inici\\\/\"},{\"@type\":\"ListItem\",\"position\":2,\"name\":\"El binomi miserable-d\u00e9u\"}]},{\"@type\":\"WebSite\",\"@id\":\"https:\\\/\\\/saludcreativa.com\\\/ca\\\/#website\",\"url\":\"https:\\\/\\\/saludcreativa.com\\\/ca\\\/\",\"name\":\"Salud Creativa\",\"description\":\"Centro de meditaci\u00f3n, bienestar interior y habilidades personales y sociales\",\"publisher\":{\"@id\":\"https:\\\/\\\/saludcreativa.com\\\/ca\\\/#organization\"},\"potentialAction\":[{\"@type\":\"SearchAction\",\"target\":{\"@type\":\"EntryPoint\",\"urlTemplate\":\"https:\\\/\\\/saludcreativa.com\\\/ca\\\/?s={search_term_string}\"},\"query-input\":{\"@type\":\"PropertyValueSpecification\",\"valueRequired\":true,\"valueName\":\"search_term_string\"}}],\"inLanguage\":\"ca\"},{\"@type\":\"Organization\",\"@id\":\"https:\\\/\\\/saludcreativa.com\\\/ca\\\/#organization\",\"name\":\"Salud Creativa\",\"url\":\"https:\\\/\\\/saludcreativa.com\\\/ca\\\/\",\"logo\":{\"@type\":\"ImageObject\",\"inLanguage\":\"ca\",\"@id\":\"https:\\\/\\\/saludcreativa.com\\\/ca\\\/#\\\/schema\\\/logo\\\/image\\\/\",\"url\":\"https:\\\/\\\/saludcreativa.com\\\/wp-content\\\/uploads\\\/2025\\\/06\\\/Salud-Creativa-Centro-Meditacion-Mindfulness-Gestalt-Risoterapia-Integrativa-en-Barcelona.jpg\",\"contentUrl\":\"https:\\\/\\\/saludcreativa.com\\\/wp-content\\\/uploads\\\/2025\\\/06\\\/Salud-Creativa-Centro-Meditacion-Mindfulness-Gestalt-Risoterapia-Integrativa-en-Barcelona.jpg\",\"width\":2439,\"height\":439,\"caption\":\"Salud Creativa\"},\"image\":{\"@id\":\"https:\\\/\\\/saludcreativa.com\\\/ca\\\/#\\\/schema\\\/logo\\\/image\\\/\"}},{\"@type\":\"Person\",\"@id\":\"https:\\\/\\\/saludcreativa.com\\\/ca\\\/#\\\/schema\\\/person\\\/43e503cc7917c97ec46017b3b1f87606\",\"name\":\"elevenwebs\",\"image\":{\"@type\":\"ImageObject\",\"inLanguage\":\"ca\",\"@id\":\"https:\\\/\\\/secure.gravatar.com\\\/avatar\\\/eb62249cc102d17f7c98fef495611ff49038b9be891928ef801d1b5f5ad76198?s=96&d=mm&r=g\",\"url\":\"https:\\\/\\\/secure.gravatar.com\\\/avatar\\\/eb62249cc102d17f7c98fef495611ff49038b9be891928ef801d1b5f5ad76198?s=96&d=mm&r=g\",\"contentUrl\":\"https:\\\/\\\/secure.gravatar.com\\\/avatar\\\/eb62249cc102d17f7c98fef495611ff49038b9be891928ef801d1b5f5ad76198?s=96&d=mm&r=g\",\"caption\":\"elevenwebs\"},\"sameAs\":[\"https:\\\/\\\/saludcreativa.com\"]}]}<\/script>\n<!-- \/ Yoast SEO plugin. -->","yoast_head_json":{"title":"El binomi miserable-d\u00e9u - Salud Creativa","description":"\"All\u00f2 hum\u00e0 no em treu gens d'all\u00f2 div\u00ed, all\u00f2 div\u00ed no em treu gens d'all\u00f2 hum\u00e0.\" Una realitat a no perdre de vista, especialment quan idealitzem mestres, terapeutes i altres persones que considerem irreprotxables.","robots":{"index":"index","follow":"follow","max-snippet":"max-snippet:-1","max-image-preview":"max-image-preview:large","max-video-preview":"max-video-preview:-1"},"canonical":"https:\/\/saludcreativa.com\/ca\/el-binomi-miserable-deu\/","og_locale":"ca_ES","og_type":"article","og_title":"El binomi miserable-d\u00e9u - Salud Creativa","og_description":"\"All\u00f2 hum\u00e0 no em treu gens d'all\u00f2 div\u00ed, all\u00f2 div\u00ed no em treu gens d'all\u00f2 hum\u00e0.\" Una realitat a no perdre de vista, especialment quan idealitzem mestres, terapeutes i altres persones que considerem irreprotxables.","og_url":"https:\/\/saludcreativa.com\/ca\/el-binomi-miserable-deu\/","og_site_name":"Salud Creativa","article_published_time":"2019-01-07T23:00:00+00:00","og_image":[{"width":640,"height":434,"url":"https:\/\/saludcreativa.com\/wp-content\/uploads\/2025\/06\/El-binomio-miserable-dios.jpg","type":"image\/jpeg"}],"author":"elevenwebs","twitter_card":"summary_large_image","twitter_misc":{"Escrit per":"elevenwebs","Temps estimat de lectura":"3 minuts"},"schema":{"@context":"https:\/\/schema.org","@graph":[{"@type":"Article","@id":"https:\/\/saludcreativa.com\/ca\/el-binomi-miserable-deu\/#article","isPartOf":{"@id":"https:\/\/saludcreativa.com\/ca\/el-binomi-miserable-deu\/"},"author":{"name":"elevenwebs","@id":"https:\/\/saludcreativa.com\/ca\/#\/schema\/person\/43e503cc7917c97ec46017b3b1f87606"},"headline":"El binomi miserable-d\u00e9u","datePublished":"2019-01-07T23:00:00+00:00","mainEntityOfPage":{"@id":"https:\/\/saludcreativa.com\/ca\/el-binomi-miserable-deu\/"},"wordCount":598,"commentCount":0,"publisher":{"@id":"https:\/\/saludcreativa.com\/ca\/#organization"},"image":{"@id":"https:\/\/saludcreativa.com\/ca\/el-binomi-miserable-deu\/#primaryimage"},"thumbnailUrl":"https:\/\/saludcreativa.com\/wp-content\/uploads\/2025\/06\/El-binomio-miserable-dios.jpg","keywords":["auto-coneixement","consci\u00e8ncia","introspecci\u00f3","polaritat","polaritats"],"articleSection":["Inspira Consci\u00e8ncia"],"inLanguage":"ca","potentialAction":[{"@type":"CommentAction","name":"Comment","target":["https:\/\/saludcreativa.com\/ca\/el-binomi-miserable-deu\/#respond"]}]},{"@type":"WebPage","@id":"https:\/\/saludcreativa.com\/ca\/el-binomi-miserable-deu\/","url":"https:\/\/saludcreativa.com\/ca\/el-binomi-miserable-deu\/","name":"El binomi miserable-d\u00e9u - Salud Creativa","isPartOf":{"@id":"https:\/\/saludcreativa.com\/ca\/#website"},"primaryImageOfPage":{"@id":"https:\/\/saludcreativa.com\/ca\/el-binomi-miserable-deu\/#primaryimage"},"image":{"@id":"https:\/\/saludcreativa.com\/ca\/el-binomi-miserable-deu\/#primaryimage"},"thumbnailUrl":"https:\/\/saludcreativa.com\/wp-content\/uploads\/2025\/06\/El-binomio-miserable-dios.jpg","datePublished":"2019-01-07T23:00:00+00:00","description":"\"All\u00f2 hum\u00e0 no em treu gens d'all\u00f2 div\u00ed, all\u00f2 div\u00ed no em treu gens d'all\u00f2 hum\u00e0.\" Una realitat a no perdre de vista, especialment quan idealitzem mestres, terapeutes i altres persones que considerem irreprotxables.","breadcrumb":{"@id":"https:\/\/saludcreativa.com\/ca\/el-binomi-miserable-deu\/#breadcrumb"},"inLanguage":"ca","potentialAction":[{"@type":"ReadAction","target":["https:\/\/saludcreativa.com\/ca\/el-binomi-miserable-deu\/"]}]},{"@type":"ImageObject","inLanguage":"ca","@id":"https:\/\/saludcreativa.com\/ca\/el-binomi-miserable-deu\/#primaryimage","url":"https:\/\/saludcreativa.com\/wp-content\/uploads\/2025\/06\/El-binomio-miserable-dios.jpg","contentUrl":"https:\/\/saludcreativa.com\/wp-content\/uploads\/2025\/06\/El-binomio-miserable-dios.jpg","width":640,"height":434},{"@type":"BreadcrumbList","@id":"https:\/\/saludcreativa.com\/ca\/el-binomi-miserable-deu\/#breadcrumb","itemListElement":[{"@type":"ListItem","position":1,"name":"Portada","item":"https:\/\/saludcreativa.com\/ca\/inici\/"},{"@type":"ListItem","position":2,"name":"El binomi miserable-d\u00e9u"}]},{"@type":"WebSite","@id":"https:\/\/saludcreativa.com\/ca\/#website","url":"https:\/\/saludcreativa.com\/ca\/","name":"Salud Creativa","description":"Centro de meditaci\u00f3n, bienestar interior y habilidades personales y sociales","publisher":{"@id":"https:\/\/saludcreativa.com\/ca\/#organization"},"potentialAction":[{"@type":"SearchAction","target":{"@type":"EntryPoint","urlTemplate":"https:\/\/saludcreativa.com\/ca\/?s={search_term_string}"},"query-input":{"@type":"PropertyValueSpecification","valueRequired":true,"valueName":"search_term_string"}}],"inLanguage":"ca"},{"@type":"Organization","@id":"https:\/\/saludcreativa.com\/ca\/#organization","name":"Salud Creativa","url":"https:\/\/saludcreativa.com\/ca\/","logo":{"@type":"ImageObject","inLanguage":"ca","@id":"https:\/\/saludcreativa.com\/ca\/#\/schema\/logo\/image\/","url":"https:\/\/saludcreativa.com\/wp-content\/uploads\/2025\/06\/Salud-Creativa-Centro-Meditacion-Mindfulness-Gestalt-Risoterapia-Integrativa-en-Barcelona.jpg","contentUrl":"https:\/\/saludcreativa.com\/wp-content\/uploads\/2025\/06\/Salud-Creativa-Centro-Meditacion-Mindfulness-Gestalt-Risoterapia-Integrativa-en-Barcelona.jpg","width":2439,"height":439,"caption":"Salud Creativa"},"image":{"@id":"https:\/\/saludcreativa.com\/ca\/#\/schema\/logo\/image\/"}},{"@type":"Person","@id":"https:\/\/saludcreativa.com\/ca\/#\/schema\/person\/43e503cc7917c97ec46017b3b1f87606","name":"elevenwebs","image":{"@type":"ImageObject","inLanguage":"ca","@id":"https:\/\/secure.gravatar.com\/avatar\/eb62249cc102d17f7c98fef495611ff49038b9be891928ef801d1b5f5ad76198?s=96&d=mm&r=g","url":"https:\/\/secure.gravatar.com\/avatar\/eb62249cc102d17f7c98fef495611ff49038b9be891928ef801d1b5f5ad76198?s=96&d=mm&r=g","contentUrl":"https:\/\/secure.gravatar.com\/avatar\/eb62249cc102d17f7c98fef495611ff49038b9be891928ef801d1b5f5ad76198?s=96&d=mm&r=g","caption":"elevenwebs"},"sameAs":["https:\/\/saludcreativa.com"]}]}},"_links":{"self":[{"href":"https:\/\/saludcreativa.com\/ca\/wp-json\/wp\/v2\/posts\/3400","targetHints":{"allow":["GET"]}}],"collection":[{"href":"https:\/\/saludcreativa.com\/ca\/wp-json\/wp\/v2\/posts"}],"about":[{"href":"https:\/\/saludcreativa.com\/ca\/wp-json\/wp\/v2\/types\/post"}],"author":[{"embeddable":true,"href":"https:\/\/saludcreativa.com\/ca\/wp-json\/wp\/v2\/users\/1"}],"replies":[{"embeddable":true,"href":"https:\/\/saludcreativa.com\/ca\/wp-json\/wp\/v2\/comments?post=3400"}],"version-history":[{"count":0,"href":"https:\/\/saludcreativa.com\/ca\/wp-json\/wp\/v2\/posts\/3400\/revisions"}],"wp:featuredmedia":[{"embeddable":true,"href":"https:\/\/saludcreativa.com\/ca\/wp-json\/wp\/v2\/media\/1087"}],"wp:attachment":[{"href":"https:\/\/saludcreativa.com\/ca\/wp-json\/wp\/v2\/media?parent=3400"}],"wp:term":[{"taxonomy":"category","embeddable":true,"href":"https:\/\/saludcreativa.com\/ca\/wp-json\/wp\/v2\/categories?post=3400"},{"taxonomy":"post_tag","embeddable":true,"href":"https:\/\/saludcreativa.com\/ca\/wp-json\/wp\/v2\/tags?post=3400"}],"curies":[{"name":"wp","href":"https:\/\/api.w.org\/{rel}","templated":true}]}}