{"id":3430,"date":"2017-05-11T00:00:00","date_gmt":"2017-05-10T22:00:00","guid":{"rendered":"https:\/\/saludcreativa.com\/la-trobada-amb-laltre-o-la-relacio-entre-tu-i-jo\/"},"modified":"2017-05-11T00:00:00","modified_gmt":"2017-05-10T22:00:00","slug":"la-trobada-amb-laltre-o-la-relacio-entre-tu-i-jo","status":"publish","type":"post","link":"https:\/\/saludcreativa.com\/ca\/la-trobada-amb-laltre-o-la-relacio-entre-tu-i-jo\/","title":{"rendered":"La trobada amb l&#8217;altre o la relaci\u00f3 entre tu i jo"},"content":{"rendered":"<h2><strong>La complexitat de les interrelacions<\/strong><\/h2>\n<p>En una de les formacions que he realitzat al llarg de la meva vida, l&#8217;expert enEneagrama Lluis Serra ens va dir: <em>Les relacions personals si funcionen, \u00e9s una meravella\u2026 per\u00f2 \u00e9s una meravella que funcionin!!<\/em><\/p>\n<p>Aquesta frase reflecteix com de complicades poden arribar a ser les relacions personals o la simple interrelaci\u00f3 entre dues persones.<\/p>\n<p>De fet, les relacions personals (i familiars) poden ser font d&#8217;alegria, goig i felicitat o b\u00e9 de patiment i desgr\u00e0cia depenent de com les visquem o les gestionem.<\/p>\n<p>Sembla que aquest tema ens interessa a tots i \u00e9s l\u00f2gic, ja que si hem decidit viure en societat estem obligats a entendre&#8217;ns ia relacionar-nos des de la toler\u00e0ncia, el respecte i l&#8217;acceptaci\u00f3 (si \u00e9s que ens interessa tenir bones relacions i viure en societat).<\/p>\n<p>M&#8217;atreveixo a afirmar que tots busquem establir bones relacions personals, \u00e9s a dir, que ens acceptin, ens vulguin i alhora poder acceptar i estimar l&#8217;altre.<\/p>\n<p>&nbsp;<\/p>\n<h2><strong>Totes les parts s\u00f3n igual d&#8217;importants en les relacions<\/strong><\/h2>\n<p>A la relaci\u00f3 tu i jo, el missatge que ha de quedar clar perqu\u00e8 la relaci\u00f3 prosperi \u00e9s el seg\u00fcent:<br \/>\nTu ets important (acceptaci\u00f3 de l&#8217;altre, empatia, compassi\u00f3)<br \/>\nJo tamb\u00e9 soc important (assertivitat, autoacceptaci\u00f3)<\/p>\n<p>O dit d&#8217;una altra manera, tu mereixes ser respectat i jo et demano que em respectis, i perqu\u00e8 em respectis, jo et mostro com em respecto a mi mateix.<\/p>\n<p>Hi ha persones que no es respecten a si mateixes i estan demanant als altres que les respectin, aix\u00f2 no funciona.<\/p>\n<p>Per tant, l&#8217;assertivitat ben entesa \u2013em respecto i et respecto\u2013 \u00e9s fonamental per establir relacions personals on la confian\u00e7a i la cooperaci\u00f3 puguin ser les bases. Sense confian\u00e7a no hi ha futur, ja sigui a la relaci\u00f3 oa la construcci\u00f3 d&#8217;un projecte com\u00fa. <\/p>\n<p>Quan parlem d&#8217;empatia (el tu), tots coneixem la resposta correcta i gaireb\u00e9 autom\u00e0tica: posar-se al lloc de l&#8217;altre. Aix\u00f2 \u00e9s molt f\u00e0cil dir-ho i dif\u00edcil de fer-ho quan l&#8217;altre ens tracta malament, perqu\u00e8 aix\u00f2 \u00e9s empatia, tractar b\u00e9 a qui et tracta malament. Tractar b\u00e9 a qui et tracta b\u00e9 \u00e9s simpatia i aix\u00f2 no t\u00e9 gaire m\u00e8rit, el m\u00e8rit \u00e9s comprendre i acceptar a qui et tracta sense respecte, repeteixo aix\u00f2 \u00e9s realment empatia, per tant l&#8217;empatia no \u00e9s un truc mental que aprenc i despr\u00e9s faig per no tenir conflictes amb l&#8217;altre o per poder-lo gestionar.  <\/p>\n<p>L\u00b4empatia \u00e9s un gest d\u00b4amor per l\u00b4altre, com per als budistes \u00e9s molt important el concepte de compassi\u00f3.<\/p>\n<p>La q\u00fcesti\u00f3 \u00e9s que no cal triar entre l&#8217;un i l&#8217;altre aspecte, es pot ser emp\u00e0tic i assertiu alhora, \u00e9s a dir que davant el maltractament de l&#8217;altre, la resposta m\u00e9s ecol\u00f2gica seria:\u201c<em>T&#8217;entenc, t&#8217;accepto i alhora et demano que em respectis i no em maltractis.\u201d<\/em><\/p>\n<p>Aix\u00f2 no \u00e9s f\u00e0cil de fer ni d&#8217;integrar, per\u00f2 crec que la cosa va per aqu\u00ed.<\/p>\n<p>Un darrer apunt pel que fa al tu, no hi pot haver empatia si hi ha prejudicis sobre l&#8217;altre.<\/p>\n<p>&nbsp;<\/p>\n<p>Jos\u00e9 Manuel Torres<\/p>\n","protected":false},"excerpt":{"rendered":"<p>Les interrelacions poden resultar molt senzilles i complexes segons el tipus d&#8217;interacci\u00f3 i segons el grau de maduresa de cada part.<\/p>\n","protected":false},"author":1,"featured_media":1046,"comment_status":"open","ping_status":"open","sticky":false,"template":"","format":"standard","meta":{"footnotes":""},"categories":[315],"tags":[507,320,438,593],"class_list":["post-3430","post","type-post","status-publish","format-standard","has-post-thumbnail","hentry","category-inspira-consciencia-ca","tag-desenvolupament-personal","tag-intelligencia-emocional","tag-mindfulness-ca","tag-relacions-personals"],"yoast_head":"<!-- This site is optimized with the Yoast SEO plugin v27.3 - https:\/\/yoast.com\/product\/yoast-seo-wordpress\/ -->\n<title>La trobada amb l&#039;altre o la relaci\u00f3 entre tu i jo - Salud Creativa<\/title>\n<meta name=\"description\" content=\"Les interrelacions poden resultar molt senzilles i complexes segons el tipus d&#039;interacci\u00f3 i segons el grau de maduresa de cada part.\" \/>\n<meta name=\"robots\" content=\"index, follow, max-snippet:-1, max-image-preview:large, max-video-preview:-1\" \/>\n<link rel=\"canonical\" href=\"https:\/\/saludcreativa.com\/ca\/la-trobada-amb-laltre-o-la-relacio-entre-tu-i-jo\/\" \/>\n<meta property=\"og:locale\" content=\"ca_ES\" \/>\n<meta property=\"og:type\" content=\"article\" \/>\n<meta property=\"og:title\" content=\"La trobada amb l&#039;altre o la relaci\u00f3 entre tu i jo - Salud Creativa\" \/>\n<meta property=\"og:description\" content=\"Les interrelacions poden resultar molt senzilles i complexes segons el tipus d&#039;interacci\u00f3 i segons el grau de maduresa de cada part.\" \/>\n<meta property=\"og:url\" content=\"https:\/\/saludcreativa.com\/ca\/la-trobada-amb-laltre-o-la-relacio-entre-tu-i-jo\/\" \/>\n<meta property=\"og:site_name\" content=\"Salud Creativa\" \/>\n<meta property=\"article:published_time\" content=\"2017-05-10T22:00:00+00:00\" \/>\n<meta property=\"og:image\" content=\"https:\/\/saludcreativa.com\/wp-content\/uploads\/2025\/06\/La-complejidad-de-las-relaciones-humanas.jpg\" \/>\n\t<meta property=\"og:image:width\" content=\"640\" \/>\n\t<meta property=\"og:image:height\" content=\"437\" \/>\n\t<meta property=\"og:image:type\" content=\"image\/jpeg\" \/>\n<meta name=\"author\" content=\"elevenwebs\" \/>\n<meta name=\"twitter:card\" content=\"summary_large_image\" \/>\n<meta name=\"twitter:label1\" content=\"Escrit per\" \/>\n\t<meta name=\"twitter:data1\" content=\"elevenwebs\" \/>\n\t<meta name=\"twitter:label2\" content=\"Temps estimat de lectura\" \/>\n\t<meta name=\"twitter:data2\" content=\"3 minuts\" \/>\n<script type=\"application\/ld+json\" class=\"yoast-schema-graph\">{\"@context\":\"https:\\\/\\\/schema.org\",\"@graph\":[{\"@type\":\"Article\",\"@id\":\"https:\\\/\\\/saludcreativa.com\\\/ca\\\/la-trobada-amb-laltre-o-la-relacio-entre-tu-i-jo\\\/#article\",\"isPartOf\":{\"@id\":\"https:\\\/\\\/saludcreativa.com\\\/ca\\\/la-trobada-amb-laltre-o-la-relacio-entre-tu-i-jo\\\/\"},\"author\":{\"name\":\"elevenwebs\",\"@id\":\"https:\\\/\\\/saludcreativa.com\\\/ca\\\/#\\\/schema\\\/person\\\/43e503cc7917c97ec46017b3b1f87606\"},\"headline\":\"La trobada amb l&#8217;altre o la relaci\u00f3 entre tu i jo\",\"datePublished\":\"2017-05-10T22:00:00+00:00\",\"mainEntityOfPage\":{\"@id\":\"https:\\\/\\\/saludcreativa.com\\\/ca\\\/la-trobada-amb-laltre-o-la-relacio-entre-tu-i-jo\\\/\"},\"wordCount\":552,\"commentCount\":0,\"publisher\":{\"@id\":\"https:\\\/\\\/saludcreativa.com\\\/ca\\\/#organization\"},\"image\":{\"@id\":\"https:\\\/\\\/saludcreativa.com\\\/ca\\\/la-trobada-amb-laltre-o-la-relacio-entre-tu-i-jo\\\/#primaryimage\"},\"thumbnailUrl\":\"https:\\\/\\\/saludcreativa.com\\\/wp-content\\\/uploads\\\/2025\\\/06\\\/La-complejidad-de-las-relaciones-humanas.jpg\",\"keywords\":[\"desenvolupament personal\",\"intel\u00b7lig\u00e8ncia emocional\",\"mindfulness\",\"relacions personals\"],\"articleSection\":[\"Inspira Consci\u00e8ncia\"],\"inLanguage\":\"ca\",\"potentialAction\":[{\"@type\":\"CommentAction\",\"name\":\"Comment\",\"target\":[\"https:\\\/\\\/saludcreativa.com\\\/ca\\\/la-trobada-amb-laltre-o-la-relacio-entre-tu-i-jo\\\/#respond\"]}]},{\"@type\":\"WebPage\",\"@id\":\"https:\\\/\\\/saludcreativa.com\\\/ca\\\/la-trobada-amb-laltre-o-la-relacio-entre-tu-i-jo\\\/\",\"url\":\"https:\\\/\\\/saludcreativa.com\\\/ca\\\/la-trobada-amb-laltre-o-la-relacio-entre-tu-i-jo\\\/\",\"name\":\"La trobada amb l'altre o la relaci\u00f3 entre tu i jo - Salud Creativa\",\"isPartOf\":{\"@id\":\"https:\\\/\\\/saludcreativa.com\\\/ca\\\/#website\"},\"primaryImageOfPage\":{\"@id\":\"https:\\\/\\\/saludcreativa.com\\\/ca\\\/la-trobada-amb-laltre-o-la-relacio-entre-tu-i-jo\\\/#primaryimage\"},\"image\":{\"@id\":\"https:\\\/\\\/saludcreativa.com\\\/ca\\\/la-trobada-amb-laltre-o-la-relacio-entre-tu-i-jo\\\/#primaryimage\"},\"thumbnailUrl\":\"https:\\\/\\\/saludcreativa.com\\\/wp-content\\\/uploads\\\/2025\\\/06\\\/La-complejidad-de-las-relaciones-humanas.jpg\",\"datePublished\":\"2017-05-10T22:00:00+00:00\",\"description\":\"Les interrelacions poden resultar molt senzilles i complexes segons el tipus d'interacci\u00f3 i segons el grau de maduresa de cada part.\",\"breadcrumb\":{\"@id\":\"https:\\\/\\\/saludcreativa.com\\\/ca\\\/la-trobada-amb-laltre-o-la-relacio-entre-tu-i-jo\\\/#breadcrumb\"},\"inLanguage\":\"ca\",\"potentialAction\":[{\"@type\":\"ReadAction\",\"target\":[\"https:\\\/\\\/saludcreativa.com\\\/ca\\\/la-trobada-amb-laltre-o-la-relacio-entre-tu-i-jo\\\/\"]}]},{\"@type\":\"ImageObject\",\"inLanguage\":\"ca\",\"@id\":\"https:\\\/\\\/saludcreativa.com\\\/ca\\\/la-trobada-amb-laltre-o-la-relacio-entre-tu-i-jo\\\/#primaryimage\",\"url\":\"https:\\\/\\\/saludcreativa.com\\\/wp-content\\\/uploads\\\/2025\\\/06\\\/La-complejidad-de-las-relaciones-humanas.jpg\",\"contentUrl\":\"https:\\\/\\\/saludcreativa.com\\\/wp-content\\\/uploads\\\/2025\\\/06\\\/La-complejidad-de-las-relaciones-humanas.jpg\",\"width\":640,\"height\":437},{\"@type\":\"BreadcrumbList\",\"@id\":\"https:\\\/\\\/saludcreativa.com\\\/ca\\\/la-trobada-amb-laltre-o-la-relacio-entre-tu-i-jo\\\/#breadcrumb\",\"itemListElement\":[{\"@type\":\"ListItem\",\"position\":1,\"name\":\"Portada\",\"item\":\"https:\\\/\\\/saludcreativa.com\\\/ca\\\/inici\\\/\"},{\"@type\":\"ListItem\",\"position\":2,\"name\":\"La trobada amb l&#8217;altre o la relaci\u00f3 entre tu i jo\"}]},{\"@type\":\"WebSite\",\"@id\":\"https:\\\/\\\/saludcreativa.com\\\/ca\\\/#website\",\"url\":\"https:\\\/\\\/saludcreativa.com\\\/ca\\\/\",\"name\":\"Salud Creativa\",\"description\":\"Centro de meditaci\u00f3n, bienestar interior y habilidades personales y sociales\",\"publisher\":{\"@id\":\"https:\\\/\\\/saludcreativa.com\\\/ca\\\/#organization\"},\"potentialAction\":[{\"@type\":\"SearchAction\",\"target\":{\"@type\":\"EntryPoint\",\"urlTemplate\":\"https:\\\/\\\/saludcreativa.com\\\/ca\\\/?s={search_term_string}\"},\"query-input\":{\"@type\":\"PropertyValueSpecification\",\"valueRequired\":true,\"valueName\":\"search_term_string\"}}],\"inLanguage\":\"ca\"},{\"@type\":\"Organization\",\"@id\":\"https:\\\/\\\/saludcreativa.com\\\/ca\\\/#organization\",\"name\":\"Salud Creativa\",\"url\":\"https:\\\/\\\/saludcreativa.com\\\/ca\\\/\",\"logo\":{\"@type\":\"ImageObject\",\"inLanguage\":\"ca\",\"@id\":\"https:\\\/\\\/saludcreativa.com\\\/ca\\\/#\\\/schema\\\/logo\\\/image\\\/\",\"url\":\"https:\\\/\\\/saludcreativa.com\\\/wp-content\\\/uploads\\\/2025\\\/06\\\/Salud-Creativa-Centro-Meditacion-Mindfulness-Gestalt-Risoterapia-Integrativa-en-Barcelona.jpg\",\"contentUrl\":\"https:\\\/\\\/saludcreativa.com\\\/wp-content\\\/uploads\\\/2025\\\/06\\\/Salud-Creativa-Centro-Meditacion-Mindfulness-Gestalt-Risoterapia-Integrativa-en-Barcelona.jpg\",\"width\":2439,\"height\":439,\"caption\":\"Salud Creativa\"},\"image\":{\"@id\":\"https:\\\/\\\/saludcreativa.com\\\/ca\\\/#\\\/schema\\\/logo\\\/image\\\/\"}},{\"@type\":\"Person\",\"@id\":\"https:\\\/\\\/saludcreativa.com\\\/ca\\\/#\\\/schema\\\/person\\\/43e503cc7917c97ec46017b3b1f87606\",\"name\":\"elevenwebs\",\"image\":{\"@type\":\"ImageObject\",\"inLanguage\":\"ca\",\"@id\":\"https:\\\/\\\/secure.gravatar.com\\\/avatar\\\/eb62249cc102d17f7c98fef495611ff49038b9be891928ef801d1b5f5ad76198?s=96&d=mm&r=g\",\"url\":\"https:\\\/\\\/secure.gravatar.com\\\/avatar\\\/eb62249cc102d17f7c98fef495611ff49038b9be891928ef801d1b5f5ad76198?s=96&d=mm&r=g\",\"contentUrl\":\"https:\\\/\\\/secure.gravatar.com\\\/avatar\\\/eb62249cc102d17f7c98fef495611ff49038b9be891928ef801d1b5f5ad76198?s=96&d=mm&r=g\",\"caption\":\"elevenwebs\"},\"sameAs\":[\"https:\\\/\\\/saludcreativa.com\"]}]}<\/script>\n<!-- \/ Yoast SEO plugin. -->","yoast_head_json":{"title":"La trobada amb l'altre o la relaci\u00f3 entre tu i jo - Salud Creativa","description":"Les interrelacions poden resultar molt senzilles i complexes segons el tipus d'interacci\u00f3 i segons el grau de maduresa de cada part.","robots":{"index":"index","follow":"follow","max-snippet":"max-snippet:-1","max-image-preview":"max-image-preview:large","max-video-preview":"max-video-preview:-1"},"canonical":"https:\/\/saludcreativa.com\/ca\/la-trobada-amb-laltre-o-la-relacio-entre-tu-i-jo\/","og_locale":"ca_ES","og_type":"article","og_title":"La trobada amb l'altre o la relaci\u00f3 entre tu i jo - Salud Creativa","og_description":"Les interrelacions poden resultar molt senzilles i complexes segons el tipus d'interacci\u00f3 i segons el grau de maduresa de cada part.","og_url":"https:\/\/saludcreativa.com\/ca\/la-trobada-amb-laltre-o-la-relacio-entre-tu-i-jo\/","og_site_name":"Salud Creativa","article_published_time":"2017-05-10T22:00:00+00:00","og_image":[{"width":640,"height":437,"url":"https:\/\/saludcreativa.com\/wp-content\/uploads\/2025\/06\/La-complejidad-de-las-relaciones-humanas.jpg","type":"image\/jpeg"}],"author":"elevenwebs","twitter_card":"summary_large_image","twitter_misc":{"Escrit per":"elevenwebs","Temps estimat de lectura":"3 minuts"},"schema":{"@context":"https:\/\/schema.org","@graph":[{"@type":"Article","@id":"https:\/\/saludcreativa.com\/ca\/la-trobada-amb-laltre-o-la-relacio-entre-tu-i-jo\/#article","isPartOf":{"@id":"https:\/\/saludcreativa.com\/ca\/la-trobada-amb-laltre-o-la-relacio-entre-tu-i-jo\/"},"author":{"name":"elevenwebs","@id":"https:\/\/saludcreativa.com\/ca\/#\/schema\/person\/43e503cc7917c97ec46017b3b1f87606"},"headline":"La trobada amb l&#8217;altre o la relaci\u00f3 entre tu i jo","datePublished":"2017-05-10T22:00:00+00:00","mainEntityOfPage":{"@id":"https:\/\/saludcreativa.com\/ca\/la-trobada-amb-laltre-o-la-relacio-entre-tu-i-jo\/"},"wordCount":552,"commentCount":0,"publisher":{"@id":"https:\/\/saludcreativa.com\/ca\/#organization"},"image":{"@id":"https:\/\/saludcreativa.com\/ca\/la-trobada-amb-laltre-o-la-relacio-entre-tu-i-jo\/#primaryimage"},"thumbnailUrl":"https:\/\/saludcreativa.com\/wp-content\/uploads\/2025\/06\/La-complejidad-de-las-relaciones-humanas.jpg","keywords":["desenvolupament personal","intel\u00b7lig\u00e8ncia emocional","mindfulness","relacions personals"],"articleSection":["Inspira Consci\u00e8ncia"],"inLanguage":"ca","potentialAction":[{"@type":"CommentAction","name":"Comment","target":["https:\/\/saludcreativa.com\/ca\/la-trobada-amb-laltre-o-la-relacio-entre-tu-i-jo\/#respond"]}]},{"@type":"WebPage","@id":"https:\/\/saludcreativa.com\/ca\/la-trobada-amb-laltre-o-la-relacio-entre-tu-i-jo\/","url":"https:\/\/saludcreativa.com\/ca\/la-trobada-amb-laltre-o-la-relacio-entre-tu-i-jo\/","name":"La trobada amb l'altre o la relaci\u00f3 entre tu i jo - Salud Creativa","isPartOf":{"@id":"https:\/\/saludcreativa.com\/ca\/#website"},"primaryImageOfPage":{"@id":"https:\/\/saludcreativa.com\/ca\/la-trobada-amb-laltre-o-la-relacio-entre-tu-i-jo\/#primaryimage"},"image":{"@id":"https:\/\/saludcreativa.com\/ca\/la-trobada-amb-laltre-o-la-relacio-entre-tu-i-jo\/#primaryimage"},"thumbnailUrl":"https:\/\/saludcreativa.com\/wp-content\/uploads\/2025\/06\/La-complejidad-de-las-relaciones-humanas.jpg","datePublished":"2017-05-10T22:00:00+00:00","description":"Les interrelacions poden resultar molt senzilles i complexes segons el tipus d'interacci\u00f3 i segons el grau de maduresa de cada part.","breadcrumb":{"@id":"https:\/\/saludcreativa.com\/ca\/la-trobada-amb-laltre-o-la-relacio-entre-tu-i-jo\/#breadcrumb"},"inLanguage":"ca","potentialAction":[{"@type":"ReadAction","target":["https:\/\/saludcreativa.com\/ca\/la-trobada-amb-laltre-o-la-relacio-entre-tu-i-jo\/"]}]},{"@type":"ImageObject","inLanguage":"ca","@id":"https:\/\/saludcreativa.com\/ca\/la-trobada-amb-laltre-o-la-relacio-entre-tu-i-jo\/#primaryimage","url":"https:\/\/saludcreativa.com\/wp-content\/uploads\/2025\/06\/La-complejidad-de-las-relaciones-humanas.jpg","contentUrl":"https:\/\/saludcreativa.com\/wp-content\/uploads\/2025\/06\/La-complejidad-de-las-relaciones-humanas.jpg","width":640,"height":437},{"@type":"BreadcrumbList","@id":"https:\/\/saludcreativa.com\/ca\/la-trobada-amb-laltre-o-la-relacio-entre-tu-i-jo\/#breadcrumb","itemListElement":[{"@type":"ListItem","position":1,"name":"Portada","item":"https:\/\/saludcreativa.com\/ca\/inici\/"},{"@type":"ListItem","position":2,"name":"La trobada amb l&#8217;altre o la relaci\u00f3 entre tu i jo"}]},{"@type":"WebSite","@id":"https:\/\/saludcreativa.com\/ca\/#website","url":"https:\/\/saludcreativa.com\/ca\/","name":"Salud Creativa","description":"Centro de meditaci\u00f3n, bienestar interior y habilidades personales y sociales","publisher":{"@id":"https:\/\/saludcreativa.com\/ca\/#organization"},"potentialAction":[{"@type":"SearchAction","target":{"@type":"EntryPoint","urlTemplate":"https:\/\/saludcreativa.com\/ca\/?s={search_term_string}"},"query-input":{"@type":"PropertyValueSpecification","valueRequired":true,"valueName":"search_term_string"}}],"inLanguage":"ca"},{"@type":"Organization","@id":"https:\/\/saludcreativa.com\/ca\/#organization","name":"Salud Creativa","url":"https:\/\/saludcreativa.com\/ca\/","logo":{"@type":"ImageObject","inLanguage":"ca","@id":"https:\/\/saludcreativa.com\/ca\/#\/schema\/logo\/image\/","url":"https:\/\/saludcreativa.com\/wp-content\/uploads\/2025\/06\/Salud-Creativa-Centro-Meditacion-Mindfulness-Gestalt-Risoterapia-Integrativa-en-Barcelona.jpg","contentUrl":"https:\/\/saludcreativa.com\/wp-content\/uploads\/2025\/06\/Salud-Creativa-Centro-Meditacion-Mindfulness-Gestalt-Risoterapia-Integrativa-en-Barcelona.jpg","width":2439,"height":439,"caption":"Salud Creativa"},"image":{"@id":"https:\/\/saludcreativa.com\/ca\/#\/schema\/logo\/image\/"}},{"@type":"Person","@id":"https:\/\/saludcreativa.com\/ca\/#\/schema\/person\/43e503cc7917c97ec46017b3b1f87606","name":"elevenwebs","image":{"@type":"ImageObject","inLanguage":"ca","@id":"https:\/\/secure.gravatar.com\/avatar\/eb62249cc102d17f7c98fef495611ff49038b9be891928ef801d1b5f5ad76198?s=96&d=mm&r=g","url":"https:\/\/secure.gravatar.com\/avatar\/eb62249cc102d17f7c98fef495611ff49038b9be891928ef801d1b5f5ad76198?s=96&d=mm&r=g","contentUrl":"https:\/\/secure.gravatar.com\/avatar\/eb62249cc102d17f7c98fef495611ff49038b9be891928ef801d1b5f5ad76198?s=96&d=mm&r=g","caption":"elevenwebs"},"sameAs":["https:\/\/saludcreativa.com"]}]}},"_links":{"self":[{"href":"https:\/\/saludcreativa.com\/ca\/wp-json\/wp\/v2\/posts\/3430","targetHints":{"allow":["GET"]}}],"collection":[{"href":"https:\/\/saludcreativa.com\/ca\/wp-json\/wp\/v2\/posts"}],"about":[{"href":"https:\/\/saludcreativa.com\/ca\/wp-json\/wp\/v2\/types\/post"}],"author":[{"embeddable":true,"href":"https:\/\/saludcreativa.com\/ca\/wp-json\/wp\/v2\/users\/1"}],"replies":[{"embeddable":true,"href":"https:\/\/saludcreativa.com\/ca\/wp-json\/wp\/v2\/comments?post=3430"}],"version-history":[{"count":0,"href":"https:\/\/saludcreativa.com\/ca\/wp-json\/wp\/v2\/posts\/3430\/revisions"}],"wp:featuredmedia":[{"embeddable":true,"href":"https:\/\/saludcreativa.com\/ca\/wp-json\/wp\/v2\/media\/1046"}],"wp:attachment":[{"href":"https:\/\/saludcreativa.com\/ca\/wp-json\/wp\/v2\/media?parent=3430"}],"wp:term":[{"taxonomy":"category","embeddable":true,"href":"https:\/\/saludcreativa.com\/ca\/wp-json\/wp\/v2\/categories?post=3430"},{"taxonomy":"post_tag","embeddable":true,"href":"https:\/\/saludcreativa.com\/ca\/wp-json\/wp\/v2\/tags?post=3430"}],"curies":[{"name":"wp","href":"https:\/\/api.w.org\/{rel}","templated":true}]}}